{"id":781,"date":"2023-03-14T05:52:28","date_gmt":"2023-03-14T05:52:28","guid":{"rendered":"https:\/\/automotive.trocellen.com\/la-responsabilite-sociale-en-action\/"},"modified":"2023-03-14T05:52:28","modified_gmt":"2023-03-14T05:52:28","slug":"la-responsabilite-sociale-en-action","status":"publish","type":"post","link":"https:\/\/automotive.trocellen.com\/fr\/la-responsabilite-sociale-en-action\/","title":{"rendered":"La responsabilit\u00e9 sociale en action"},"content":{"rendered":"<p>Il n&rsquo;est pas exag\u00e9r\u00e9 de dire que le monde entier a \u00e9t\u00e9 choqu\u00e9 par le r\u00e9cent et tragique tremblement de terre en Turquie et en Syrie. Plus de cinquante mille personnes ont perdu la vie et des millions ont perdu leur maison. La catastrophe a caus\u00e9 des d\u00e9g\u00e2ts inimaginables.<\/p>\n<p>Si cette trag\u00e9die nous a tous profond\u00e9ment touch\u00e9s, plusieurs de nos coll\u00e8gues ont malheureusement \u00e9t\u00e9 plus \u00e9troitement impliqu\u00e9s. Beaucoup de nos employ\u00e9s travaillant \u00e0 l&rsquo;usine de Trocellen en Allemagne avaient des parents et des amis dans la r\u00e9gion touch\u00e9e, et pour eux, les cons\u00e9quences du tremblement de terre \u00e9taient \u00e9galement personnelles.<\/p>\n<p>Apr\u00e8s que plusieurs personnes ont exprim\u00e9 leur d\u00e9sir d&rsquo;aider, les employ\u00e9s se sont r\u00e9unis et ont collect\u00e9 1 500 euros en peu de temps. L&rsquo;\u00e9quipe a une fois de plus fonctionn\u00e9 comme une famille, comme une unit\u00e9 in\u00e9branlable s&rsquo;aidant mutuellement, et s&rsquo;est fermement rang\u00e9e aux c\u00f4t\u00e9s des coll\u00e8gues impliqu\u00e9s dans l&rsquo;aide. La direction de l&rsquo;usine allemande a d\u00e9cid\u00e9 de compl\u00e9ter le montant par une somme similaire, qui s&rsquo;est donc \u00e9lev\u00e9e \u00e0 3 000 euros. Un montant suppl\u00e9mentaire de 4 500 euros a \u00e9t\u00e9 vers\u00e9 par Trocellen Holding, ce qui inclut \u00e9galement le soutien d&rsquo;autres entreprises membres. Le montant total des dons s&rsquo;est donc \u00e9lev\u00e9 \u00e0 7 500 euros.<\/p>\n<p>Nous sommes fiers que notre personnel de Troisdorf et des autres sites ait donn\u00e9 l&rsquo;exemple en se soutenant mutuellement et nous exprimons par la pr\u00e9sente notre solidarit\u00e9 avec le personnel, leurs familles et leurs amis.<\/p>\n","protected":false},"excerpt":{"rendered":"Il n&rsquo;est pas exag\u00e9r\u00e9 de dire que le monde entier a \u00e9t\u00e9 choqu\u00e9 par le r\u00e9cent et tragique tremblement de terre en Turquie et en Syrie. Plus de cinquante mille personnes ont perdu la vie et des millions ont perdu leur maison. La catastrophe a caus\u00e9 des d\u00e9g\u00e2ts inimaginables. Si cette trag\u00e9die nous a tous [&hellip;]","protected":false},"author":4,"featured_media":777,"comment_status":"closed","ping_status":"open","sticky":false,"template":"","format":"standard","meta":{"_acf_changed":false,"footnotes":""},"categories":[5],"tags":[],"class_list":["post-781","post","type-post","status-publish","format-standard","has-post-thumbnail","hentry","category-non-classifiee"],"acf":[],"_links":{"self":[{"href":"https:\/\/automotive.trocellen.com\/fr\/wp-json\/wp\/v2\/posts\/781","targetHints":{"allow":["GET"]}}],"collection":[{"href":"https:\/\/automotive.trocellen.com\/fr\/wp-json\/wp\/v2\/posts"}],"about":[{"href":"https:\/\/automotive.trocellen.com\/fr\/wp-json\/wp\/v2\/types\/post"}],"author":[{"embeddable":true,"href":"https:\/\/automotive.trocellen.com\/fr\/wp-json\/wp\/v2\/users\/4"}],"replies":[{"embeddable":true,"href":"https:\/\/automotive.trocellen.com\/fr\/wp-json\/wp\/v2\/comments?post=781"}],"version-history":[{"count":0,"href":"https:\/\/automotive.trocellen.com\/fr\/wp-json\/wp\/v2\/posts\/781\/revisions"}],"wp:featuredmedia":[{"embeddable":true,"href":"https:\/\/automotive.trocellen.com\/fr\/wp-json\/wp\/v2\/media\/777"}],"wp:attachment":[{"href":"https:\/\/automotive.trocellen.com\/fr\/wp-json\/wp\/v2\/media?parent=781"}],"wp:term":[{"taxonomy":"category","embeddable":true,"href":"https:\/\/automotive.trocellen.com\/fr\/wp-json\/wp\/v2\/categories?post=781"},{"taxonomy":"post_tag","embeddable":true,"href":"https:\/\/automotive.trocellen.com\/fr\/wp-json\/wp\/v2\/tags?post=781"}],"curies":[{"name":"wp","href":"https:\/\/api.w.org\/{rel}","templated":true}]}}