{"id":739,"date":"2023-01-19T08:44:03","date_gmt":"2023-01-19T08:44:03","guid":{"rendered":"https:\/\/automotive.trocellen.com\/nous-nous-rejouissons-de-lannee-2023\/"},"modified":"2023-01-19T08:44:03","modified_gmt":"2023-01-19T08:44:03","slug":"nous-nous-rejouissons-de-lannee-2023","status":"publish","type":"post","link":"https:\/\/automotive.trocellen.com\/fr\/nous-nous-rejouissons-de-lannee-2023\/","title":{"rendered":"Nous nous r\u00e9jouissons de l&rsquo;ann\u00e9e 2023"},"content":{"rendered":"<p>Nous aimerions profiter de cette occasion pour remercier une fois de plus tous nos partenaires pour une ann\u00e9e 2022 r\u00e9ussie mais difficile. Ensemble, nous continuons \u00e0 travailler \u00e0 plein r\u00e9gime pour coop\u00e9rer avec succ\u00e8s avec nos partenaires commerciaux \u00e9galement \u00e0 l&rsquo;avenir et pour toujours travailler de mani\u00e8re orient\u00e9e vers les solutions sur les objectifs fix\u00e9s conjointement.<\/p>\n<p>Dans ce contexte, nous souhaitons souligner le succ\u00e8s de la s\u00e9paration des activit\u00e9s li\u00e9es \u00e0 la transformation automobile de notre entit\u00e9 hongroise existante Polifoam Kft. en une soci\u00e9t\u00e9 distincte et favoriser la concentration sur nos activit\u00e9s automobiles. Cette \u00e9tape strat\u00e9gique souligne notre r\u00f4le de fournisseur automobile int\u00e9gr\u00e9 et est la cons\u00e9quence logique de notre d\u00e9veloppement commercial et organisationnel orient\u00e9 vers l&rsquo;avenir. La nouvelle soci\u00e9t\u00e9 continuera \u00e0 faire partie du groupe Trocellen, mais, comme nous l&rsquo;avons d\u00e9crit, elle se concentrera \u00e0 100 % sur le march\u00e9 de l&rsquo;automobile, qui \u00e9volue rapidement, et fera preuve de r\u00e9activit\u00e9.<\/p>\n<p>Toute l&rsquo;\u00e9quipe allemande, mais aussi celle de notre nouveau site en Hongrie, reste \u00e0 votre disposition comme d&rsquo;habitude pour les th\u00e8mes des conduits d&rsquo;air, des pi\u00e8ces d\u00e9coup\u00e9es et des mousses.<\/p>\n<p>Nous attendons l&rsquo;ann\u00e9e 2023 avec impatience et nous nous r\u00e9jouissons de nombreux projets passionnants.<\/p>\n<p>Nous pouvons d\u00e9j\u00e0 dire que nous serons pr\u00e9sents aux \u00e9v\u00e9nements suivants avec notre propre pr\u00e9sence en tant qu&rsquo;exposant :<br \/>\nRoumanie : <a href=\"https:\/\/automotiveexpo.intradefairs.com\/\" target=\"_blank\" rel=\"noopener\">https:\/\/automotiveexpo.intradefairs.com\/<\/a> \u00e0 30 mars<br \/>\nHongrie : <a href=\"https:\/\/automotivexpo.hu\/en\/\" target=\"_blank\" rel=\"noopener\">https:\/\/automotivexpo.hu\/en\/<\/a> \u00e0 16th &#8211; 19th of May<br \/>\nAllemagne : <a href=\"https:\/\/www.foam-expo-europe.com\/\" target=\"_blank\" rel=\"noopener\">https:\/\/www.foam-expo-europe.com\/<\/a> \u00e0 5 &#8211; 7 D\u00e9cembre<\/p>\n<p>N&rsquo;h\u00e9sitez pas \u00e0 nous contacter si vous avez des questions. Nous sommes toujours ouverts aux commentaires, critiques et suggestions d&rsquo;am\u00e9lioration.<\/p>\n","protected":false},"excerpt":{"rendered":"Nous aimerions profiter de cette occasion pour remercier une fois de plus tous nos partenaires pour une ann\u00e9e 2022 r\u00e9ussie mais difficile. Ensemble, nous continuons \u00e0 travailler \u00e0 plein r\u00e9gime pour coop\u00e9rer avec succ\u00e8s avec nos partenaires commerciaux \u00e9galement \u00e0 l&rsquo;avenir et pour toujours travailler de mani\u00e8re orient\u00e9e vers les solutions sur les objectifs fix\u00e9s [&hellip;]","protected":false},"author":4,"featured_media":736,"comment_status":"closed","ping_status":"open","sticky":false,"template":"","format":"standard","meta":{"_acf_changed":false,"footnotes":""},"categories":[5],"tags":[],"class_list":["post-739","post","type-post","status-publish","format-standard","has-post-thumbnail","hentry","category-non-classifiee"],"acf":[],"_links":{"self":[{"href":"https:\/\/automotive.trocellen.com\/fr\/wp-json\/wp\/v2\/posts\/739","targetHints":{"allow":["GET"]}}],"collection":[{"href":"https:\/\/automotive.trocellen.com\/fr\/wp-json\/wp\/v2\/posts"}],"about":[{"href":"https:\/\/automotive.trocellen.com\/fr\/wp-json\/wp\/v2\/types\/post"}],"author":[{"embeddable":true,"href":"https:\/\/automotive.trocellen.com\/fr\/wp-json\/wp\/v2\/users\/4"}],"replies":[{"embeddable":true,"href":"https:\/\/automotive.trocellen.com\/fr\/wp-json\/wp\/v2\/comments?post=739"}],"version-history":[{"count":0,"href":"https:\/\/automotive.trocellen.com\/fr\/wp-json\/wp\/v2\/posts\/739\/revisions"}],"wp:featuredmedia":[{"embeddable":true,"href":"https:\/\/automotive.trocellen.com\/fr\/wp-json\/wp\/v2\/media\/736"}],"wp:attachment":[{"href":"https:\/\/automotive.trocellen.com\/fr\/wp-json\/wp\/v2\/media?parent=739"}],"wp:term":[{"taxonomy":"category","embeddable":true,"href":"https:\/\/automotive.trocellen.com\/fr\/wp-json\/wp\/v2\/categories?post=739"},{"taxonomy":"post_tag","embeddable":true,"href":"https:\/\/automotive.trocellen.com\/fr\/wp-json\/wp\/v2\/tags?post=739"}],"curies":[{"name":"wp","href":"https:\/\/api.w.org\/{rel}","templated":true}]}}