{"id":712,"date":"2023-01-10T08:51:46","date_gmt":"2023-01-10T08:51:46","guid":{"rendered":"https:\/\/automotive.trocellen.com\/foam-expo-europe-et-bonding-expo-europe-2022\/"},"modified":"2023-01-10T08:57:42","modified_gmt":"2023-01-10T08:57:42","slug":"foam-expo-europe-et-bonding-expo-europe-2022","status":"publish","type":"post","link":"https:\/\/automotive.trocellen.com\/fr\/foam-expo-europe-et-bonding-expo-europe-2022\/","title":{"rendered":"Foam Expo Europe et Bonding Expo Europe 2022"},"content":{"rendered":"<p>Venez nous rendre visite au salon Foam Expo Europe 2022 \u00e0 Stuttgart, en Allemagne ! Co-localis\u00e9 avec Adhesives &amp; Bonding Expo Europe, ce salon est destin\u00e9 aux fournisseurs et aux fabricants qui pr\u00e9sentent les derni\u00e8res solutions en mati\u00e8re d&rsquo;adh\u00e9sifs et de collage.<\/p>\n<p>Nous sommes impatients de vous accueillir \u00e0 Stuttgart, en Allemagne, d&rsquo;aujourd&rsquo;hui (mardi 08 novembre) \u00e0 jeudi 10 novembre. Vous trouverez nos unit\u00e9s commerciales Automobile et Rubans adh\u00e9sifs au stand 535.<\/p>\n<p>Foam Expo Europe est le plus grand salon et la plus grande conf\u00e9rence du continent consacr\u00e9 aux produits en mousse technique et \u00e0 leur fabrication. Et, avec l&rsquo;ajout de sa marque s\u0153ur co-localis\u00e9e, Adhesives &amp; Bonding Expo Europe, elle offre aux visiteurs l&rsquo;occasion parfaite de collaborer avec l&rsquo;ensemble de la cha\u00eene d&rsquo;approvisionnement.<\/p>\n<p>Nous serons heureux de vous conseiller en d\u00e9tail sur le th\u00e8me des mousses, des conduits d&rsquo;air et de la d\u00e9coupe dans tous les domaines. Et aussi dans le domaine des rubans adh\u00e9sifs.<\/p>\n","protected":false},"excerpt":{"rendered":"Venez nous rendre visite au salon Foam Expo Europe 2022 \u00e0 Stuttgart, en Allemagne ! Co-localis\u00e9 avec Adhesives &amp; Bonding Expo Europe, ce salon est destin\u00e9 aux fournisseurs et aux fabricants qui pr\u00e9sentent les derni\u00e8res solutions en mati\u00e8re d&rsquo;adh\u00e9sifs et de collage. Nous sommes impatients de vous accueillir \u00e0 Stuttgart, en Allemagne, d&rsquo;aujourd&rsquo;hui (mardi 08 [&hellip;]","protected":false},"author":4,"featured_media":705,"comment_status":"closed","ping_status":"open","sticky":false,"template":"","format":"standard","meta":{"_acf_changed":false,"footnotes":""},"categories":[5],"tags":[],"class_list":["post-712","post","type-post","status-publish","format-standard","has-post-thumbnail","hentry","category-non-classifiee"],"acf":[],"_links":{"self":[{"href":"https:\/\/automotive.trocellen.com\/fr\/wp-json\/wp\/v2\/posts\/712","targetHints":{"allow":["GET"]}}],"collection":[{"href":"https:\/\/automotive.trocellen.com\/fr\/wp-json\/wp\/v2\/posts"}],"about":[{"href":"https:\/\/automotive.trocellen.com\/fr\/wp-json\/wp\/v2\/types\/post"}],"author":[{"embeddable":true,"href":"https:\/\/automotive.trocellen.com\/fr\/wp-json\/wp\/v2\/users\/4"}],"replies":[{"embeddable":true,"href":"https:\/\/automotive.trocellen.com\/fr\/wp-json\/wp\/v2\/comments?post=712"}],"version-history":[{"count":1,"href":"https:\/\/automotive.trocellen.com\/fr\/wp-json\/wp\/v2\/posts\/712\/revisions"}],"predecessor-version":[{"id":723,"href":"https:\/\/automotive.trocellen.com\/fr\/wp-json\/wp\/v2\/posts\/712\/revisions\/723"}],"wp:featuredmedia":[{"embeddable":true,"href":"https:\/\/automotive.trocellen.com\/fr\/wp-json\/wp\/v2\/media\/705"}],"wp:attachment":[{"href":"https:\/\/automotive.trocellen.com\/fr\/wp-json\/wp\/v2\/media?parent=712"}],"wp:term":[{"taxonomy":"category","embeddable":true,"href":"https:\/\/automotive.trocellen.com\/fr\/wp-json\/wp\/v2\/categories?post=712"},{"taxonomy":"post_tag","embeddable":true,"href":"https:\/\/automotive.trocellen.com\/fr\/wp-json\/wp\/v2\/tags?post=712"}],"curies":[{"name":"wp","href":"https:\/\/api.w.org\/{rel}","templated":true}]}}