{"id":752,"date":"2023-02-09T11:40:36","date_gmt":"2023-02-09T11:40:36","guid":{"rendered":"https:\/\/automotive.trocellen.com\/wir-freuen-uns-auf-das-jahr-2023\/"},"modified":"2023-02-09T11:40:36","modified_gmt":"2023-02-09T11:40:36","slug":"wir-freuen-uns-auf-das-jahr-2023","status":"publish","type":"post","link":"https:\/\/automotive.trocellen.com\/de\/wir-freuen-uns-auf-das-jahr-2023\/","title":{"rendered":"Wir freuen uns auf das Jahr 2023"},"content":{"rendered":"<p>Wir m\u00f6chten uns an dieser Stelle noch einmal bei allen unseren Partnern f\u00fcr ein erfolgreiches, aber hartes Jahr 2022 bedanken. Gemeinsam arbeiten wir weiterhin mit Hochdruck daran, auch in Zukunft erfolgreich mit unseren Gesch\u00e4ftspartnern zusammenzuarbeiten und stets l\u00f6sungsorientiert an gemeinsam gesetzten Zielen zu arbeiten.<\/p>\n<p>In diesem Zusammenhang m\u00f6chten wir die erfolgreiche Ausgliederung der automobilverarbeitungsbezogenen Aktivit\u00e4ten aus unserer bestehenden ungarischen Gesellschaft Polifoam Kft. in eine eigene Gesellschaft hervorheben und die Fokussierung auf unsere automobilen Aktivit\u00e4ten f\u00f6rdern. Dieser strategische Schritt unterstreicht unsere Rolle als integrierter Automobilzulieferer und ist die logische Konsequenz unserer zukunftsgerichteten Gesch\u00e4fts- und Organisationsentwicklung. Das neue Unternehmen wird weiterhin Teil der Trocellen Gruppe sein, aber wie beschrieben mit 100%iger Fokussierung und Reaktionsf\u00e4higkeit auf den sich schnell ver\u00e4ndernden Automobilmarkt.<\/p>\n<p>Das gesamte Team am deutschen und auch an unserem neuen Standort in Ungarn steht Ihnen weiterhin wie gewohnt zur Verf\u00fcgung, wenn es um die Themen Luftkan\u00e4le, Stanzteile &amp; Sch\u00e4ume geht.<\/p>\n<p>Wir blicken voller Vorfreude auf das Jahr 2023 und freuen uns auf viele spannende Projekte.<\/p>\n<p>Schon jetzt k\u00f6nnen wir sagen, dass wir auf folgenden Veranstaltungen mit einer eigenen Pr\u00e4senz als Aussteller vertreten sein werden:<br \/>\nRum\u00e4nien: https:\/\/automotiveexpo.intradefairs.com\/ \u00e0 30. M\u00e4rz<br \/>\nUngarn: https:\/\/automotivexpo.hu\/en\/ \u00e0 16. bis 19. Mai<br \/>\nDeutschland: https:\/\/www.foam-expo-europe.com\/ \u00e0 5. bis 7. Dezember<\/p>\n<p>Bitte z\u00f6gern Sie nicht, uns zu kontaktieren, wenn Sie offene Fragen haben. Wir sind immer offen f\u00fcr Kommentare, Kritik und Verbesserungsvorschl\u00e4ge.<\/p>\n","protected":false},"excerpt":{"rendered":"Wir m\u00f6chten uns an dieser Stelle noch einmal bei allen unseren Partnern f\u00fcr ein erfolgreiches, aber hartes Jahr 2022 bedanken. Gemeinsam arbeiten wir weiterhin mit Hochdruck daran, auch in Zukunft erfolgreich mit unseren Gesch\u00e4ftspartnern zusammenzuarbeiten und stets l\u00f6sungsorientiert an gemeinsam gesetzten Zielen zu arbeiten. In diesem Zusammenhang m\u00f6chten wir die erfolgreiche Ausgliederung der automobilverarbeitungsbezogenen Aktivit\u00e4ten [&hellip;]","protected":false},"author":4,"featured_media":737,"comment_status":"closed","ping_status":"open","sticky":false,"template":"","format":"standard","meta":{"_acf_changed":false,"footnotes":""},"categories":[6],"tags":[],"class_list":["post-752","post","type-post","status-publish","format-standard","has-post-thumbnail","hentry","category-unkategorisiert"],"acf":[],"_links":{"self":[{"href":"https:\/\/automotive.trocellen.com\/de\/wp-json\/wp\/v2\/posts\/752","targetHints":{"allow":["GET"]}}],"collection":[{"href":"https:\/\/automotive.trocellen.com\/de\/wp-json\/wp\/v2\/posts"}],"about":[{"href":"https:\/\/automotive.trocellen.com\/de\/wp-json\/wp\/v2\/types\/post"}],"author":[{"embeddable":true,"href":"https:\/\/automotive.trocellen.com\/de\/wp-json\/wp\/v2\/users\/4"}],"replies":[{"embeddable":true,"href":"https:\/\/automotive.trocellen.com\/de\/wp-json\/wp\/v2\/comments?post=752"}],"version-history":[{"count":0,"href":"https:\/\/automotive.trocellen.com\/de\/wp-json\/wp\/v2\/posts\/752\/revisions"}],"wp:featuredmedia":[{"embeddable":true,"href":"https:\/\/automotive.trocellen.com\/de\/wp-json\/wp\/v2\/media\/737"}],"wp:attachment":[{"href":"https:\/\/automotive.trocellen.com\/de\/wp-json\/wp\/v2\/media?parent=752"}],"wp:term":[{"taxonomy":"category","embeddable":true,"href":"https:\/\/automotive.trocellen.com\/de\/wp-json\/wp\/v2\/categories?post=752"},{"taxonomy":"post_tag","embeddable":true,"href":"https:\/\/automotive.trocellen.com\/de\/wp-json\/wp\/v2\/tags?post=752"}],"curies":[{"name":"wp","href":"https:\/\/api.w.org\/{rel}","templated":true}]}}